{"id":164,"date":"2017-11-01T21:04:40","date_gmt":"2017-11-01T20:04:40","guid":{"rendered":"http:\/\/www.lesgatsdobourbonnais.fr\/?p=164"},"modified":"2017-11-29T19:07:17","modified_gmt":"2017-11-29T18:07:17","slug":"la-journee-du-livre-regional","status":"publish","type":"post","link":"https:\/\/www.lesgatsdobourbonnais.fr\/?p=164","title":{"rendered":"la journ\u00e9e du livre r\u00e9gional"},"content":{"rendered":"<p><img loading=\"lazy\" class=\"aligncenter wp-image-168\" src=\"http:\/\/www.lesgatsdobourbonnais.fr\/wp-content\/uploads\/2017\/11\/IMG_9722.jpg\" alt=\"\" width=\"424\" height=\"286\" srcset=\"https:\/\/www.lesgatsdobourbonnais.fr\/wp-content\/uploads\/2017\/11\/IMG_9722.jpg 3434w, https:\/\/www.lesgatsdobourbonnais.fr\/wp-content\/uploads\/2017\/11\/IMG_9722-300x201.jpg 300w, https:\/\/www.lesgatsdobourbonnais.fr\/wp-content\/uploads\/2017\/11\/IMG_9722-768x516.jpg 768w\" sizes=\"(max-width: 424px) 85vw, 424px\" \/>cette manifestation se d\u00e9roule en partenariat avec le centre Leclerc multim\u00e9dia<\/p>\n<p><img loading=\"lazy\" class=\"aligncenter  wp-image-167\" src=\"http:\/\/www.lesgatsdobourbonnais.fr\/wp-content\/uploads\/2017\/11\/IMG_9718.jpg\" alt=\"\" width=\"561\" height=\"374\" srcset=\"https:\/\/www.lesgatsdobourbonnais.fr\/wp-content\/uploads\/2017\/11\/IMG_9718.jpg 3888w, https:\/\/www.lesgatsdobourbonnais.fr\/wp-content\/uploads\/2017\/11\/IMG_9718-300x200.jpg 300w, https:\/\/www.lesgatsdobourbonnais.fr\/wp-content\/uploads\/2017\/11\/IMG_9718-768x512.jpg 768w, https:\/\/www.lesgatsdobourbonnais.fr\/wp-content\/uploads\/2017\/11\/IMG_9718-1024x683.jpg 1024w, https:\/\/www.lesgatsdobourbonnais.fr\/wp-content\/uploads\/2017\/11\/IMG_9718-1200x800.jpg 1200w\" sizes=\"(max-width: 561px) 85vw, 561px\" \/><\/p>\n<p>&nbsp;<\/p>\n<p>dans nos locaux de la Dure une vingtaine d&rsquo;auteurs viennent d\u00e9dicacer leurs livres et rencontrer leurs lecteurs<\/p>\n<p><img loading=\"lazy\" class=\"aligncenter  wp-image-179\" src=\"http:\/\/www.lesgatsdobourbonnais.fr\/wp-content\/uploads\/2017\/11\/IMG_5827.jpg\" alt=\"\" width=\"249\" height=\"375\" srcset=\"https:\/\/www.lesgatsdobourbonnais.fr\/wp-content\/uploads\/2017\/11\/IMG_5827.jpg 640w, https:\/\/www.lesgatsdobourbonnais.fr\/wp-content\/uploads\/2017\/11\/IMG_5827-200x300.jpg 200w\" sizes=\"(max-width: 249px) 85vw, 249px\" \/><\/p>\n<p>pr\u00e9paration du pot au feu<\/p>\n<p><img loading=\"lazy\" class=\"aligncenter  wp-image-180\" src=\"http:\/\/www.lesgatsdobourbonnais.fr\/wp-content\/uploads\/2017\/11\/IMG_5834.jpg\" alt=\"\" width=\"390\" height=\"260\" srcset=\"https:\/\/www.lesgatsdobourbonnais.fr\/wp-content\/uploads\/2017\/11\/IMG_5834.jpg 768w, https:\/\/www.lesgatsdobourbonnais.fr\/wp-content\/uploads\/2017\/11\/IMG_5834-300x200.jpg 300w\" sizes=\"(max-width: 390px) 85vw, 390px\" \/><\/p>\n<p><img loading=\"lazy\" class=\"aligncenter  wp-image-182\" src=\"http:\/\/www.lesgatsdobourbonnais.fr\/wp-content\/uploads\/2017\/11\/IMG_5876.jpg\" alt=\"\" width=\"585\" height=\"390\" srcset=\"https:\/\/www.lesgatsdobourbonnais.fr\/wp-content\/uploads\/2017\/11\/IMG_5876.jpg 768w, https:\/\/www.lesgatsdobourbonnais.fr\/wp-content\/uploads\/2017\/11\/IMG_5876-300x200.jpg 300w\" sizes=\"(max-width: 585px) 85vw, 585px\" \/><\/p>\n<p>repas de midi dans la bonne humeur<\/p>\n<p>&nbsp;<\/p>\n","protected":false},"excerpt":{"rendered":"<p>cette manifestation se d\u00e9roule en partenariat avec le centre Leclerc multim\u00e9dia &nbsp; dans nos locaux de la Dure une vingtaine d&rsquo;auteurs viennent d\u00e9dicacer leurs livres et rencontrer leurs lecteurs pr\u00e9paration du pot au feu repas de midi dans la bonne humeur &nbsp;<\/p>\n","protected":false},"author":1,"featured_media":0,"comment_status":"open","ping_status":"open","sticky":false,"template":"","format":"standard","meta":[],"categories":[8],"tags":[],"_links":{"self":[{"href":"https:\/\/www.lesgatsdobourbonnais.fr\/index.php?rest_route=\/wp\/v2\/posts\/164"}],"collection":[{"href":"https:\/\/www.lesgatsdobourbonnais.fr\/index.php?rest_route=\/wp\/v2\/posts"}],"about":[{"href":"https:\/\/www.lesgatsdobourbonnais.fr\/index.php?rest_route=\/wp\/v2\/types\/post"}],"author":[{"embeddable":true,"href":"https:\/\/www.lesgatsdobourbonnais.fr\/index.php?rest_route=\/wp\/v2\/users\/1"}],"replies":[{"embeddable":true,"href":"https:\/\/www.lesgatsdobourbonnais.fr\/index.php?rest_route=%2Fwp%2Fv2%2Fcomments&post=164"}],"version-history":[{"count":4,"href":"https:\/\/www.lesgatsdobourbonnais.fr\/index.php?rest_route=\/wp\/v2\/posts\/164\/revisions"}],"predecessor-version":[{"id":183,"href":"https:\/\/www.lesgatsdobourbonnais.fr\/index.php?rest_route=\/wp\/v2\/posts\/164\/revisions\/183"}],"wp:attachment":[{"href":"https:\/\/www.lesgatsdobourbonnais.fr\/index.php?rest_route=%2Fwp%2Fv2%2Fmedia&parent=164"}],"wp:term":[{"taxonomy":"category","embeddable":true,"href":"https:\/\/www.lesgatsdobourbonnais.fr\/index.php?rest_route=%2Fwp%2Fv2%2Fcategories&post=164"},{"taxonomy":"post_tag","embeddable":true,"href":"https:\/\/www.lesgatsdobourbonnais.fr\/index.php?rest_route=%2Fwp%2Fv2%2Ftags&post=164"}],"curies":[{"name":"wp","href":"https:\/\/api.w.org\/{rel}","templated":true}]}}